{"id":15371,"date":"2024-04-17T12:28:21","date_gmt":"2024-04-17T10:28:21","guid":{"rendered":"https:\/\/sct.webs.upv.es\/?p=15371"},"modified":"2024-04-25T11:09:55","modified_gmt":"2024-04-25T09:09:55","slug":"mecanica-en-accion","status":"publish","type":"post","link":"https:\/\/sct.webs.upv.es\/ca\/mecanica-en-accion\/","title":{"rendered":"\u2018Mec\u00e1nica en acci\u00f3n\u2019"},"content":{"rendered":"<p>Ni\u00f1os y adolescentes del Centro de Acogida de Menores \u2018El Teix\u2019 han conocido algunos de los grupos de Generaci\u00f3n Espont\u00e1nea del Campus de Alcoy de la UPV. La actividad ha contado con 2 talleres: &#8216;Rob\u00f3tica&#8217; y &#8216;C\u00f3mo se fabrica un F\u00f3rmula 1&#8217;<\/p>\r\n\r\n\r\n\r\n<p>Centros como El Teix son establecimientos abiertos de atenci\u00f3n integral y car\u00e1cter educativo para ni\u00f1os y adolescentes en situaci\u00f3n de guarda o tutela, que se encuentren privados de un ambiente familiar id\u00f3neo.<\/p>\r\n\r\n\r\n\r\n<p>La actividad &#8216;Mec\u00e1nica en acci\u00f3n&#8217; est\u00e1 enmarcado dentro de la programaci\u00f3n de <strong>&#8216;J\u00f3venes conCiencia&#8217;<\/strong>. Cuenta con la colaboraci\u00f3n de la Fundaci\u00f3n Espa\u00f1ola para la Ciencia y la Tecnolog\u00eda \u2013 Ministerio de Ciencia, Innovaci\u00f3n y Universidades.<\/p>\r\n<p>Tambi\u00e9n con la colaboraci\u00f3n de la C\u00e1tedra \u2018Alcoi Ciudad del Conocimiento\u2019, firmada con el Ayuntamiento de Alcoi, la Obra Social Caixa Ontinyent y Multiscan Technologies.<\/p>","protected":false},"excerpt":{"rendered":"<p>Ni\u00f1os y adolescentes del Centro de Acogida de Menores \u2018El Teix\u2019 han conocido algunos de los grupos de Generaci\u00f3n Espont\u00e1nea del Campus de Alcoy de la UPV. La actividad ha [&hellip;]<\/p>\n","protected":false},"author":3,"featured_media":15372,"comment_status":"open","ping_status":"closed","sticky":false,"template":"","format":"standard","meta":{"_acf_changed":false,"inline_featured_image":false,"_price":"","_stock":"","_tribe_ticket_header":"","_tribe_default_ticket_provider":"","_tribe_ticket_capacity":"0","_ticket_start_date":"","_ticket_end_date":"","_tribe_ticket_show_description":"","_tribe_ticket_show_not_going":false,"_tribe_ticket_use_global_stock":"","_tribe_ticket_global_stock_level":"","_global_stock_mode":"","_global_stock_cap":"","_tribe_rsvp_for_event":"","_tribe_ticket_going_count":"","_tribe_ticket_not_going_count":"","_tribe_tickets_list":"[]","_tribe_ticket_has_attendee_info_fields":false,"footnotes":""},"categories":[51],"tags":[],"class_list":["post-15371","post","type-post","status-publish","format-standard","has-post-thumbnail","hentry","category-jovenesconciencia"],"acf":[],"_links":{"self":[{"href":"https:\/\/sct.webs.upv.es\/ca\/wp-json\/wp\/v2\/posts\/15371","targetHints":{"allow":["GET"]}}],"collection":[{"href":"https:\/\/sct.webs.upv.es\/ca\/wp-json\/wp\/v2\/posts"}],"about":[{"href":"https:\/\/sct.webs.upv.es\/ca\/wp-json\/wp\/v2\/types\/post"}],"author":[{"embeddable":true,"href":"https:\/\/sct.webs.upv.es\/ca\/wp-json\/wp\/v2\/users\/3"}],"replies":[{"embeddable":true,"href":"https:\/\/sct.webs.upv.es\/ca\/wp-json\/wp\/v2\/comments?post=15371"}],"version-history":[{"count":3,"href":"https:\/\/sct.webs.upv.es\/ca\/wp-json\/wp\/v2\/posts\/15371\/revisions"}],"predecessor-version":[{"id":15382,"href":"https:\/\/sct.webs.upv.es\/ca\/wp-json\/wp\/v2\/posts\/15371\/revisions\/15382"}],"wp:featuredmedia":[{"embeddable":true,"href":"https:\/\/sct.webs.upv.es\/ca\/wp-json\/wp\/v2\/media\/15372"}],"wp:attachment":[{"href":"https:\/\/sct.webs.upv.es\/ca\/wp-json\/wp\/v2\/media?parent=15371"}],"wp:term":[{"taxonomy":"category","embeddable":true,"href":"https:\/\/sct.webs.upv.es\/ca\/wp-json\/wp\/v2\/categories?post=15371"},{"taxonomy":"post_tag","embeddable":true,"href":"https:\/\/sct.webs.upv.es\/ca\/wp-json\/wp\/v2\/tags?post=15371"}],"curies":[{"name":"wp","href":"https:\/\/api.w.org\/{rel}","templated":true}]}}